


{"id":12106,"date":"2026-08-31T05:45:37","date_gmt":"2026-08-31T09:45:37","guid":{"rendered":"https:\/\/cva-acfp.org\/?p=12106"},"modified":"2026-08-31T05:45:37","modified_gmt":"2026-08-31T09:45:37","slug":"%f0%9f%93%8cnouveau-atelier-dacum-i-virtuel-du-24-au-28-septembre-2026-en-anglais","status":"publish","type":"post","link":"https:\/\/cva-acfp.org\/fr\/%f0%9f%93%8cnouveau-atelier-dacum-i-virtuel-du-24-au-28-septembre-2026-en-anglais\/","title":{"rendered":"\ud83d\udcccNOUVEAU! Atelier DACUM I virtuel du 24 au 28 septembre 2026 (en anglais)"},"content":{"rendered":"<h3 style=\"text-align: center;\"><strong>Joignez\u00a0l&rsquo;ACFP lors de cette premi\u00e8re formation VIRTUELLE<br \/>\n<em>Facilitateur d\u2019analyses DACUM (<\/em><\/strong><em><strong>DACUM Analysis Facilitator)<\/strong><\/em><\/h3>\n<h4>Objectifs de l\u2019atelier<\/h4>\n<p>Au terme de cet atelier, les participants seront capables \u00a0:<\/p>\n<ul>\n<li>D&rsquo;orienter les membres d\u2019un groupe de praticiens experts sur la proc\u00e9dure \u00e0 suivre pour r\u00e9aliser une analyse DACUM<\/li>\n<li>De cr\u00e9er un groupe de praticiens experts<\/li>\n<li>De faciliter une analyse DACUM<\/li>\n<\/ul>\n<h4><\/h4>\n<h4><strong>Publics cibles<\/strong><\/h4>\n<ul>\n<li>Des employ\u00e9s du gouvernement responsables de coordonner la cr\u00e9ation ou la mise \u00e0 jour de normes professionnelles<\/li>\n<li>Des sp\u00e9cialistes en d\u00e9veloppement de curriculum ou de programmes de formation<\/li>\n<li>Des enseignants, formateurs, professeurs, ou toute autre personne appel\u00e9e \u00e0 coordonner ce type d\u2019analyse<\/li>\n<\/ul>\n<h4><\/h4>\n<h4><strong>Dur\u00e9e<\/strong><\/h4>\n<p>5 jours cons\u00e9cutifs<\/p>\n<h4>Plan de l\u2019atelier<\/h4>\n<ol>\n<li>Simulation d\u2019une analyse DACUM<\/li>\n<li>Origines, caract\u00e9ristiques d\u2019une analyse DACUM et ses utilisations<\/li>\n<li>Pr\u00e9parer une analyse DACUM<\/li>\n<li>Faciliter une analyse DACUM<\/li>\n<li>Produire les r\u00e9sultats d\u2019une analyse DACUM<\/li>\n<\/ol>\n<h4><\/h4>\n<h4><strong>Nombre de participants<\/strong><\/h4>\n<p>8 \u00e0 15 participants. Vous pouvez vous enregistrer individuellement ou en groupe.<\/p>\n<h4>Co\u00fbt d\u2019inscription<\/h4>\n<p>1750$ CAD (+taxes) par personne. Un rabais sera accord\u00e9 si plusieurs personnes de la m\u00eame institution s&rsquo;inscrivent.<\/p>\n<p dir=\"ltr\">\n<img loading=\"lazy\" decoding=\"async\" src=\"https:\/\/fonts.gstatic.com\/s\/e\/notoemoji\/15.0\/1f4da\/72.png\" alt=\"\ud83d\udcda\" width=\"30\" height=\"30\" aria-label=\"\ud83d\udcda\" data-emoji=\"\ud83d\udcda\" \/>\u00a0<strong>Plus d&rsquo;information sur\u00a0DACUM <\/strong><a href=\"https:\/\/cva-acfp.org\/fr\/methode-dacum\/\" target=\"_blank\" rel=\"noopener\">https:\/\/cva-acfp.org\/fr\/methode-dacum\/<\/a> et<a href=\"https:\/\/cva-acfp.org\/fr\/services-dacum-plus\/\" target=\"_blank\" rel=\"noopener\"> https:\/\/cva-acfp.org\/fr\/services-dacum-plus\/<\/a><br \/>\nou<br \/>\n<strong>\u00e9crire \u00e0<\/strong>\u00a0<a href=\"http:\/\/president@cva-acfp.com\/\" target=\"_blank\" rel=\"noopener\">president@cva-acfp.com<\/a><\/p>\n<p><img loading=\"lazy\" decoding=\"async\" src=\"https:\/\/fonts.gstatic.com\/s\/e\/notoemoji\/15.0\/270d\/72.png\" alt=\"\u270d\" width=\"25\" height=\"25\" aria-label=\"\u270d\" data-emoji=\"\u270d\" \/>\u00a0<strong>Pour vous inscrire \u00e0 l&rsquo;atelier\u00a0<\/strong><a href=\"https:\/\/cva-acfp.org\/fr\/inscription-aux-formations\/\" target=\"_blank\" rel=\"noopener\">https:\/\/cva-acfp.org\/workshop-registration\/<\/a><\/p>\n<p dir=\"ltr\">\n<strong>Nous vous invitons \u00e0 :<\/strong><\/p>\n<ul>\n<li>Visiter notre site Web\u00a0<a href=\"https:\/\/cva-acfp.org\/fr\/\" target=\"_blank\" rel=\"noopener\">https:\/\/cva-acfp.org\/fr\/<\/a><\/li>\n<li>Devenir<a href=\"https:\/\/cva-acfp.org\/fr\/membership\/\" target=\"_blank\" rel=\"noopener\">\u00a0membre associ\u00e9\u00a0<\/a>(gratuit)<\/li>\n<li>Nous contacter pour plus d&rsquo;informations \u00e0\u00a0<a href=\"mailto:admin@cva-acfp.org\">admin@cva-acfp.org<\/a>\u00a0ou\u00a0<a href=\"http:\/\/cvaacfobulletin@gmail.com\/\" target=\"_blank\" rel=\"noopener\">cvaacfpbulletin@gmail.com<\/a><\/li>\n<\/ul>\n<p dir=\"ltr\" style=\"text-align: center;\"><strong>N&rsquo;h\u00e9sitez pas \u00e0 partager cette offre de formation<br \/>\ndans votre organisation.<\/strong><\/p>\n<p dir=\"ltr\">31 ao\u00fbt 2026<\/p>\n","protected":false},"excerpt":{"rendered":"<p>Joignez\u00a0l&rsquo;ACFP lors de cette premi\u00e8re formation VIRTUELLE Facilitateur d\u2019analyses DACUM (DACUM Analysis Facilitator) Objectifs de l\u2019atelier Au terme de cet atelier, les participants seront capables \u00a0: D&rsquo;orienter les membres d\u2019un groupe de praticiens experts sur la proc\u00e9dure \u00e0 suivre pour <span class=\"excerpt-dots\">&hellip;<\/span> <a class=\"more-link\" href=\"https:\/\/cva-acfp.org\/fr\/%f0%9f%93%8cnouveau-atelier-dacum-i-virtuel-du-24-au-28-septembre-2026-en-anglais\/\"><span class=\"more-msg\">Lire la suite &rarr;<\/span><\/a><\/p>\n","protected":false},"author":2,"featured_media":0,"comment_status":"open","ping_status":"closed","sticky":false,"template":"","format":"standard","meta":{"_monsterinsights_skip_tracking":false,"footnotes":""},"categories":[2],"tags":[],"class_list":["post-12106","post","type-post","status-publish","format-standard","hentry","category-non-classifiee"],"_links":{"self":[{"href":"https:\/\/cva-acfp.org\/fr\/wp-json\/wp\/v2\/posts\/12106","targetHints":{"allow":["GET"]}}],"collection":[{"href":"https:\/\/cva-acfp.org\/fr\/wp-json\/wp\/v2\/posts"}],"about":[{"href":"https:\/\/cva-acfp.org\/fr\/wp-json\/wp\/v2\/types\/post"}],"author":[{"embeddable":true,"href":"https:\/\/cva-acfp.org\/fr\/wp-json\/wp\/v2\/users\/2"}],"replies":[{"embeddable":true,"href":"https:\/\/cva-acfp.org\/fr\/wp-json\/wp\/v2\/comments?post=12106"}],"version-history":[{"count":3,"href":"https:\/\/cva-acfp.org\/fr\/wp-json\/wp\/v2\/posts\/12106\/revisions"}],"predecessor-version":[{"id":12109,"href":"https:\/\/cva-acfp.org\/fr\/wp-json\/wp\/v2\/posts\/12106\/revisions\/12109"}],"wp:attachment":[{"href":"https:\/\/cva-acfp.org\/fr\/wp-json\/wp\/v2\/media?parent=12106"}],"wp:term":[{"taxonomy":"category","embeddable":true,"href":"https:\/\/cva-acfp.org\/fr\/wp-json\/wp\/v2\/categories?post=12106"},{"taxonomy":"post_tag","embeddable":true,"href":"https:\/\/cva-acfp.org\/fr\/wp-json\/wp\/v2\/tags?post=12106"}],"curies":[{"name":"wp","href":"https:\/\/api.w.org\/{rel}","templated":true}]}}